{"id":13184,"date":"2025-04-01T10:48:04","date_gmt":"2025-04-01T08:48:04","guid":{"rendered":"https:\/\/www.ogrod.uw.edu.pl\/?p=13184"},"modified":"2025-04-01T10:48:05","modified_gmt":"2025-04-01T08:48:05","slug":"university-of-warsaw-botanical-garden-2025-season-opening","status":"publish","type":"post","link":"https:\/\/www.ogrod.uw.edu.pl\/en\/university-of-warsaw-botanical-garden-2025-season-opening\/","title":{"rendered":"University of Warsaw Botanical Garden \u2013 2025 Season Opening"},"content":{"rendered":"\n<h2 class=\"wp-block-heading\">We warmly invite you to the season opening at the University of Warsaw Botanical Garden on Sunday, March 23, at 10:00 AM.<\/h2>\n\n\n\n<div style=\"height:39px\" aria-hidden=\"true\" class=\"wp-block-spacer\"><\/div>\n\n\n\n<p class=\"wp-block-paragraph\">After celebrating fiber and dye plants, a fragrant year, and a botanical detective theme, it\u2019s time for the next edition of \u201cPractical Botanical\u201d. In 2025, the Botanical Garden will explore nature through the eyes of artists. Artists perceive the world differently, and this unique perspective&nbsp;will guide us along the garden\u2019s paths throughout the year.<\/p>\n\n\n\n<div style=\"height:57px\" aria-hidden=\"true\" class=\"wp-block-spacer\"><\/div>\n\n\n\n<p class=\"wp-block-paragraph\">As part of the Artist Residency Program, the Botanical Garden will welcome artists in collaboration with the Ujazdowski Castle Centre for Contemporary Art. The Garden aims to support artists who explore, interpret, and share their personal experiences of nature, offering fresh and creative perspectives on the natural world.<\/p>\n\n\n\n<div style=\"height:28px\" aria-hidden=\"true\" class=\"wp-block-spacer\"><\/div>\n\n\n\n<p class=\"wp-block-paragraph\">Following previous years\u2019 traditions, a series of scientific lectures is planned\u2014this time focusing on the role of plants in art. <\/p>\n\n\n\n<div style=\"height:45px\" aria-hidden=\"true\" class=\"wp-block-spacer\"><\/div>\n\n\n\n<h2 class=\"wp-block-heading\"><strong>The opening lecture, titled \u201cThe Garden of Art, Art in the Garden \u2013 What Do Artists Do in Botanical Gardens?\u201d, will take place on March 27 at 6:00 PM, and will be delivered by professor Marcin Zych, director of the University of Warsaw Botanical Garden.<\/strong><\/h2>\n\n\n\n<div style=\"height:56px\" aria-hidden=\"true\" class=\"wp-block-spacer\"><\/div>\n\n\n\n<p class=\"wp-block-paragraph\"><strong>As part of our regular \u201cNature Weekends\u201d, <\/strong>we invite visitors to participate in\u00a0themed botanical walks, where they will discover\u00a0plants that have inspired artists across different disciplines\u2014painting, music, architecture, and literature.<\/p>\n\n\n\n<div style=\"height:65px\" aria-hidden=\"true\" class=\"wp-block-spacer\"><\/div>\n\n\n\n<p class=\"wp-block-paragraph\"><strong>For our youngest guests, <\/strong>we have planned a plein-air painting workshop, followed by an outdoor exhibition, along with creative family activities\u00a0 incorporating artistic elements. A variety of workshops will be offered, teaching techniques to capture and preserve nature\u2019s beauty, including: cyanotype printing, monotype printing, collage art, botanical herbariums, embroidery inspired by nature, floral arrangement art.<\/p>\n\n\n\n<div style=\"height:61px\" aria-hidden=\"true\" class=\"wp-block-spacer\"><\/div>\n\n\n\n<p class=\"wp-block-paragraph\"><strong>The Artistic Botanical program<\/strong> will culminate in September with the ZBIORY Festival\u2014a celebration of botanical themes in art and culture. The festival will feature: a craft fair showcasing handmade art, a special theatrical performance, botanical walks and interactive activities. Join us throughout the year to explore nature through the lens of art!<\/p>\n\n\n\n<div style=\"height:43px\" aria-hidden=\"true\" class=\"wp-block-spacer\"><\/div>\n\n\n\n<p class=\"wp-block-paragraph\"><strong>The University of Warsaw Botanical Garden will be open daily, including holidays, from 10:00 AM to 6:00 PM. Ticket offices will be open until 5:00 PM. Last entry at 5:20 PM. Greenhouses will be closed on Mondays.<\/strong><\/p>\n\n\n\n<div style=\"height:90px\" aria-hidden=\"true\" class=\"wp-block-spacer\"><\/div>\n\n\n\n<figure class=\"wp-block-gallery has-nested-images columns-default is-cropped wp-block-gallery-1 is-layout-flex wp-block-gallery-is-layout-flex\">\n<figure class=\"wp-block-image size-large\"><img loading=\"lazy\" decoding=\"async\" width=\"684\" height=\"1024\" data-id=\"12909\" src=\"https:\/\/www.ogrod.uw.edu.pl\/wp-content\/uploads\/2025\/03\/DSC03263-684x1024.jpg\" alt=\"\" class=\"wp-image-12909\" srcset=\"https:\/\/www.ogrod.uw.edu.pl\/wp-content\/uploads\/2025\/03\/DSC03263-684x1024.jpg 684w, https:\/\/www.ogrod.uw.edu.pl\/wp-content\/uploads\/2025\/03\/DSC03263-600x898.jpg 600w, https:\/\/www.ogrod.uw.edu.pl\/wp-content\/uploads\/2025\/03\/DSC03263-200x300.jpg 200w, https:\/\/www.ogrod.uw.edu.pl\/wp-content\/uploads\/2025\/03\/DSC03263-768x1149.jpg 768w, https:\/\/www.ogrod.uw.edu.pl\/wp-content\/uploads\/2025\/03\/DSC03263-1027x1536.jpg 1027w, https:\/\/www.ogrod.uw.edu.pl\/wp-content\/uploads\/2025\/03\/DSC03263.jpg 1080w\" sizes=\"auto, (max-width: 684px) 100vw, 684px\" \/><figcaption class=\"wp-element-caption\">fot. N. Szypulska<\/figcaption><\/figure>\n\n\n\n<figure class=\"wp-block-image size-large\"><img loading=\"lazy\" decoding=\"async\" width=\"685\" height=\"1024\" data-id=\"12905\" src=\"https:\/\/www.ogrod.uw.edu.pl\/wp-content\/uploads\/2025\/03\/DSC03217-685x1024.jpg\" alt=\"\" class=\"wp-image-12905\" srcset=\"https:\/\/www.ogrod.uw.edu.pl\/wp-content\/uploads\/2025\/03\/DSC03217-685x1024.jpg 685w, https:\/\/www.ogrod.uw.edu.pl\/wp-content\/uploads\/2025\/03\/DSC03217-600x898.jpg 600w, https:\/\/www.ogrod.uw.edu.pl\/wp-content\/uploads\/2025\/03\/DSC03217-201x300.jpg 201w, https:\/\/www.ogrod.uw.edu.pl\/wp-content\/uploads\/2025\/03\/DSC03217-768x1149.jpg 768w, https:\/\/www.ogrod.uw.edu.pl\/wp-content\/uploads\/2025\/03\/DSC03217.jpg 984w\" sizes=\"auto, (max-width: 685px) 100vw, 685px\" \/><figcaption class=\"wp-element-caption\">fot. Natalia Szypulska<\/figcaption><\/figure>\n\n\n\n<figure class=\"wp-block-image size-large\"><img loading=\"lazy\" decoding=\"async\" width=\"684\" height=\"1024\" data-id=\"12903\" src=\"https:\/\/www.ogrod.uw.edu.pl\/wp-content\/uploads\/2025\/03\/DSC03208-684x1024.jpg\" alt=\"\" class=\"wp-image-12903\" srcset=\"https:\/\/www.ogrod.uw.edu.pl\/wp-content\/uploads\/2025\/03\/DSC03208-684x1024.jpg 684w, https:\/\/www.ogrod.uw.edu.pl\/wp-content\/uploads\/2025\/03\/DSC03208-600x898.jpg 600w, https:\/\/www.ogrod.uw.edu.pl\/wp-content\/uploads\/2025\/03\/DSC03208-200x300.jpg 200w, https:\/\/www.ogrod.uw.edu.pl\/wp-content\/uploads\/2025\/03\/DSC03208-768x1149.jpg 768w, https:\/\/www.ogrod.uw.edu.pl\/wp-content\/uploads\/2025\/03\/DSC03208-1027x1536.jpg 1027w, https:\/\/www.ogrod.uw.edu.pl\/wp-content\/uploads\/2025\/03\/DSC03208.jpg 1080w\" sizes=\"auto, (max-width: 684px) 100vw, 684px\" \/><figcaption class=\"wp-element-caption\">fot. Natalia Szypulska<\/figcaption><\/figure>\n<\/figure>\n","protected":false},"excerpt":{"rendered":"<p>We warmly invite you to the season opening at the University of Warsaw Botanical Garden on Sunday, March 23, at 10:00 AM. After celebrating fiber and dye plants, a fragrant year, and a botanical detective theme, it\u2019s time for the next edition of \u201cPractical Botanical\u201d. In 2025, the Botanical Garden will explore nature through the [&hellip;]<\/p>\n","protected":false},"author":4,"featured_media":13180,"comment_status":"closed","ping_status":"closed","sticky":false,"template":"","format":"standard","meta":{"_acf_changed":false,"footnotes":"","_members_access_role":[],"_members_access_error":""},"categories":[1],"tags":[],"class_list":["post-13184","post","type-post","status-publish","format-standard","has-post-thumbnail","hentry","category-bez-kategorii"],"acf":[],"yoast_head":"<!-- This site is optimized with the Yoast SEO plugin v28.4 - https:\/\/yoast.com\/product\/yoast-seo-wordpress\/ -->\n<title>University of Warsaw Botanical Garden \u2013 2025 Season Opening - Ogr\u00f3d Botaniczny Uniwersytetu Warszawskiego<\/title>\n<meta name=\"robots\" content=\"index, follow, max-snippet:-1, max-image-preview:large, max-video-preview:-1\" \/>\n<link rel=\"canonical\" href=\"https:\/\/www.ogrod.uw.edu.pl\/en\/university-of-warsaw-botanical-garden-2025-season-opening\/\" \/>\n<meta property=\"og:locale\" content=\"en_US\" \/>\n<meta property=\"og:type\" content=\"article\" \/>\n<meta property=\"og:title\" content=\"University of Warsaw Botanical Garden \u2013 2025 Season Opening - Ogr\u00f3d Botaniczny Uniwersytetu Warszawskiego\" \/>\n<meta property=\"og:description\" content=\"We warmly invite you to the season opening at the University of Warsaw Botanical Garden on Sunday, March 23, at 10:00 AM. After celebrating fiber and dye plants, a fragrant year, and a botanical detective theme, it\u2019s time for the next edition of \u201cPractical Botanical\u201d. In 2025, the Botanical Garden will explore nature through the [&hellip;]\" \/>\n<meta property=\"og:url\" content=\"https:\/\/www.ogrod.uw.edu.pl\/en\/university-of-warsaw-botanical-garden-2025-season-opening\/\" \/>\n<meta property=\"og:site_name\" content=\"Ogr\u00f3d Botaniczny Uniwersytetu Warszawskiego\" \/>\n<meta property=\"article:published_time\" content=\"2025-04-01T08:48:04+00:00\" \/>\n<meta property=\"article:modified_time\" content=\"2025-04-01T08:48:05+00:00\" \/>\n<meta property=\"og:image\" content=\"https:\/\/www.ogrod.uw.edu.pl\/wp-content\/uploads\/2025\/03\/szklarnie_latem_2.jpg\" \/>\n\t<meta property=\"og:image:width\" content=\"1200\" \/>\n\t<meta property=\"og:image:height\" content=\"1200\" \/>\n\t<meta property=\"og:image:type\" content=\"image\/jpeg\" \/>\n<meta name=\"author\" content=\"Julia Poplawska\" \/>\n<meta name=\"twitter:card\" content=\"summary_large_image\" \/>\n<meta name=\"twitter:label1\" content=\"Written by\" \/>\n\t<meta name=\"twitter:data1\" content=\"Julia Poplawska\" \/>\n\t<meta name=\"twitter:label2\" content=\"Est. reading time\" \/>\n\t<meta name=\"twitter:data2\" content=\"4 minutes\" \/>\n<script type=\"application\/ld+json\" class=\"yoast-schema-graph\">{\"@context\":\"https:\\\/\\\/schema.org\",\"@graph\":[{\"@type\":\"Article\",\"@id\":\"https:\\\/\\\/www.ogrod.uw.edu.pl\\\/en\\\/university-of-warsaw-botanical-garden-2025-season-opening\\\/#article\",\"isPartOf\":{\"@id\":\"https:\\\/\\\/www.ogrod.uw.edu.pl\\\/en\\\/university-of-warsaw-botanical-garden-2025-season-opening\\\/\"},\"author\":{\"name\":\"Julia Poplawska\",\"@id\":\"https:\\\/\\\/www.ogrod.uw.edu.pl\\\/#\\\/schema\\\/person\\\/777f4c176b9d4dfbe3edacc418ae36a5\"},\"headline\":\"University of Warsaw Botanical Garden \u2013 2025 Season Opening\",\"datePublished\":\"2025-04-01T08:48:04+00:00\",\"dateModified\":\"2025-04-01T08:48:05+00:00\",\"mainEntityOfPage\":{\"@id\":\"https:\\\/\\\/www.ogrod.uw.edu.pl\\\/en\\\/university-of-warsaw-botanical-garden-2025-season-opening\\\/\"},\"wordCount\":379,\"image\":{\"@id\":\"https:\\\/\\\/www.ogrod.uw.edu.pl\\\/en\\\/university-of-warsaw-botanical-garden-2025-season-opening\\\/#primaryimage\"},\"thumbnailUrl\":\"https:\\\/\\\/www.ogrod.uw.edu.pl\\\/wp-content\\\/uploads\\\/2025\\\/03\\\/szklarnie_latem_2.jpg\",\"articleSection\":[\"Bez kategorii\"],\"inLanguage\":\"en-US\"},{\"@type\":\"WebPage\",\"@id\":\"https:\\\/\\\/www.ogrod.uw.edu.pl\\\/en\\\/university-of-warsaw-botanical-garden-2025-season-opening\\\/\",\"url\":\"https:\\\/\\\/www.ogrod.uw.edu.pl\\\/en\\\/university-of-warsaw-botanical-garden-2025-season-opening\\\/\",\"name\":\"University of Warsaw Botanical Garden \u2013 2025 Season Opening - Ogr\u00f3d Botaniczny Uniwersytetu Warszawskiego\",\"isPartOf\":{\"@id\":\"https:\\\/\\\/www.ogrod.uw.edu.pl\\\/#website\"},\"primaryImageOfPage\":{\"@id\":\"https:\\\/\\\/www.ogrod.uw.edu.pl\\\/en\\\/university-of-warsaw-botanical-garden-2025-season-opening\\\/#primaryimage\"},\"image\":{\"@id\":\"https:\\\/\\\/www.ogrod.uw.edu.pl\\\/en\\\/university-of-warsaw-botanical-garden-2025-season-opening\\\/#primaryimage\"},\"thumbnailUrl\":\"https:\\\/\\\/www.ogrod.uw.edu.pl\\\/wp-content\\\/uploads\\\/2025\\\/03\\\/szklarnie_latem_2.jpg\",\"datePublished\":\"2025-04-01T08:48:04+00:00\",\"dateModified\":\"2025-04-01T08:48:05+00:00\",\"author\":{\"@id\":\"https:\\\/\\\/www.ogrod.uw.edu.pl\\\/#\\\/schema\\\/person\\\/777f4c176b9d4dfbe3edacc418ae36a5\"},\"breadcrumb\":{\"@id\":\"https:\\\/\\\/www.ogrod.uw.edu.pl\\\/en\\\/university-of-warsaw-botanical-garden-2025-season-opening\\\/#breadcrumb\"},\"inLanguage\":\"en-US\",\"potentialAction\":[{\"@type\":\"ReadAction\",\"target\":[\"https:\\\/\\\/www.ogrod.uw.edu.pl\\\/en\\\/university-of-warsaw-botanical-garden-2025-season-opening\\\/\"]}]},{\"@type\":\"ImageObject\",\"inLanguage\":\"en-US\",\"@id\":\"https:\\\/\\\/www.ogrod.uw.edu.pl\\\/en\\\/university-of-warsaw-botanical-garden-2025-season-opening\\\/#primaryimage\",\"url\":\"https:\\\/\\\/www.ogrod.uw.edu.pl\\\/wp-content\\\/uploads\\\/2025\\\/03\\\/szklarnie_latem_2.jpg\",\"contentUrl\":\"https:\\\/\\\/www.ogrod.uw.edu.pl\\\/wp-content\\\/uploads\\\/2025\\\/03\\\/szklarnie_latem_2.jpg\",\"width\":1200,\"height\":1200},{\"@type\":\"BreadcrumbList\",\"@id\":\"https:\\\/\\\/www.ogrod.uw.edu.pl\\\/en\\\/university-of-warsaw-botanical-garden-2025-season-opening\\\/#breadcrumb\",\"itemListElement\":[{\"@type\":\"ListItem\",\"position\":1,\"name\":\"Strona g\u0142\u00f3wna\",\"item\":\"https:\\\/\\\/www.ogrod.uw.edu.pl\\\/en\\\/\"},{\"@type\":\"ListItem\",\"position\":2,\"name\":\"University of Warsaw Botanical Garden \u2013 2025 Season Opening\"}]},{\"@type\":\"WebSite\",\"@id\":\"https:\\\/\\\/www.ogrod.uw.edu.pl\\\/#website\",\"url\":\"https:\\\/\\\/www.ogrod.uw.edu.pl\\\/\",\"name\":\"Ogr\u00f3d Botaniczny Uniwersytetu Warszawskiego\",\"description\":\"Z ro\u015blinami, o ro\u015blinach i dla ro\u015blin\",\"potentialAction\":[{\"@type\":\"SearchAction\",\"target\":{\"@type\":\"EntryPoint\",\"urlTemplate\":\"https:\\\/\\\/www.ogrod.uw.edu.pl\\\/?s={search_term_string}\"},\"query-input\":{\"@type\":\"PropertyValueSpecification\",\"valueRequired\":true,\"valueName\":\"search_term_string\"}}],\"inLanguage\":\"en-US\"},{\"@type\":\"Person\",\"@id\":\"https:\\\/\\\/www.ogrod.uw.edu.pl\\\/#\\\/schema\\\/person\\\/777f4c176b9d4dfbe3edacc418ae36a5\",\"name\":\"Julia Poplawska\",\"url\":\"https:\\\/\\\/www.ogrod.uw.edu.pl\\\/en\\\/author\\\/julia-poplawska\\\/\"}]}<\/script>\n<!-- \/ Yoast SEO plugin. -->","yoast_head_json":{"title":"University of Warsaw Botanical Garden \u2013 2025 Season Opening - Ogr\u00f3d Botaniczny Uniwersytetu Warszawskiego","robots":{"index":"index","follow":"follow","max-snippet":"max-snippet:-1","max-image-preview":"max-image-preview:large","max-video-preview":"max-video-preview:-1"},"canonical":"https:\/\/www.ogrod.uw.edu.pl\/en\/university-of-warsaw-botanical-garden-2025-season-opening\/","og_locale":"en_US","og_type":"article","og_title":"University of Warsaw Botanical Garden \u2013 2025 Season Opening - Ogr\u00f3d Botaniczny Uniwersytetu Warszawskiego","og_description":"We warmly invite you to the season opening at the University of Warsaw Botanical Garden on Sunday, March 23, at 10:00 AM. After celebrating fiber and dye plants, a fragrant year, and a botanical detective theme, it\u2019s time for the next edition of \u201cPractical Botanical\u201d. In 2025, the Botanical Garden will explore nature through the [&hellip;]","og_url":"https:\/\/www.ogrod.uw.edu.pl\/en\/university-of-warsaw-botanical-garden-2025-season-opening\/","og_site_name":"Ogr\u00f3d Botaniczny Uniwersytetu Warszawskiego","article_published_time":"2025-04-01T08:48:04+00:00","article_modified_time":"2025-04-01T08:48:05+00:00","og_image":[{"width":1200,"height":1200,"url":"https:\/\/www.ogrod.uw.edu.pl\/wp-content\/uploads\/2025\/03\/szklarnie_latem_2.jpg","type":"image\/jpeg"}],"author":"Julia Poplawska","twitter_card":"summary_large_image","twitter_misc":{"Written by":"Julia Poplawska","Est. reading time":"4 minutes"},"schema":{"@context":"https:\/\/schema.org","@graph":[{"@type":"Article","@id":"https:\/\/www.ogrod.uw.edu.pl\/en\/university-of-warsaw-botanical-garden-2025-season-opening\/#article","isPartOf":{"@id":"https:\/\/www.ogrod.uw.edu.pl\/en\/university-of-warsaw-botanical-garden-2025-season-opening\/"},"author":{"name":"Julia Poplawska","@id":"https:\/\/www.ogrod.uw.edu.pl\/#\/schema\/person\/777f4c176b9d4dfbe3edacc418ae36a5"},"headline":"University of Warsaw Botanical Garden \u2013 2025 Season Opening","datePublished":"2025-04-01T08:48:04+00:00","dateModified":"2025-04-01T08:48:05+00:00","mainEntityOfPage":{"@id":"https:\/\/www.ogrod.uw.edu.pl\/en\/university-of-warsaw-botanical-garden-2025-season-opening\/"},"wordCount":379,"image":{"@id":"https:\/\/www.ogrod.uw.edu.pl\/en\/university-of-warsaw-botanical-garden-2025-season-opening\/#primaryimage"},"thumbnailUrl":"https:\/\/www.ogrod.uw.edu.pl\/wp-content\/uploads\/2025\/03\/szklarnie_latem_2.jpg","articleSection":["Bez kategorii"],"inLanguage":"en-US"},{"@type":"WebPage","@id":"https:\/\/www.ogrod.uw.edu.pl\/en\/university-of-warsaw-botanical-garden-2025-season-opening\/","url":"https:\/\/www.ogrod.uw.edu.pl\/en\/university-of-warsaw-botanical-garden-2025-season-opening\/","name":"University of Warsaw Botanical Garden \u2013 2025 Season Opening - Ogr\u00f3d Botaniczny Uniwersytetu Warszawskiego","isPartOf":{"@id":"https:\/\/www.ogrod.uw.edu.pl\/#website"},"primaryImageOfPage":{"@id":"https:\/\/www.ogrod.uw.edu.pl\/en\/university-of-warsaw-botanical-garden-2025-season-opening\/#primaryimage"},"image":{"@id":"https:\/\/www.ogrod.uw.edu.pl\/en\/university-of-warsaw-botanical-garden-2025-season-opening\/#primaryimage"},"thumbnailUrl":"https:\/\/www.ogrod.uw.edu.pl\/wp-content\/uploads\/2025\/03\/szklarnie_latem_2.jpg","datePublished":"2025-04-01T08:48:04+00:00","dateModified":"2025-04-01T08:48:05+00:00","author":{"@id":"https:\/\/www.ogrod.uw.edu.pl\/#\/schema\/person\/777f4c176b9d4dfbe3edacc418ae36a5"},"breadcrumb":{"@id":"https:\/\/www.ogrod.uw.edu.pl\/en\/university-of-warsaw-botanical-garden-2025-season-opening\/#breadcrumb"},"inLanguage":"en-US","potentialAction":[{"@type":"ReadAction","target":["https:\/\/www.ogrod.uw.edu.pl\/en\/university-of-warsaw-botanical-garden-2025-season-opening\/"]}]},{"@type":"ImageObject","inLanguage":"en-US","@id":"https:\/\/www.ogrod.uw.edu.pl\/en\/university-of-warsaw-botanical-garden-2025-season-opening\/#primaryimage","url":"https:\/\/www.ogrod.uw.edu.pl\/wp-content\/uploads\/2025\/03\/szklarnie_latem_2.jpg","contentUrl":"https:\/\/www.ogrod.uw.edu.pl\/wp-content\/uploads\/2025\/03\/szklarnie_latem_2.jpg","width":1200,"height":1200},{"@type":"BreadcrumbList","@id":"https:\/\/www.ogrod.uw.edu.pl\/en\/university-of-warsaw-botanical-garden-2025-season-opening\/#breadcrumb","itemListElement":[{"@type":"ListItem","position":1,"name":"Strona g\u0142\u00f3wna","item":"https:\/\/www.ogrod.uw.edu.pl\/en\/"},{"@type":"ListItem","position":2,"name":"University of Warsaw Botanical Garden \u2013 2025 Season Opening"}]},{"@type":"WebSite","@id":"https:\/\/www.ogrod.uw.edu.pl\/#website","url":"https:\/\/www.ogrod.uw.edu.pl\/","name":"Ogr\u00f3d Botaniczny Uniwersytetu Warszawskiego","description":"Z ro\u015blinami, o ro\u015blinach i dla ro\u015blin","potentialAction":[{"@type":"SearchAction","target":{"@type":"EntryPoint","urlTemplate":"https:\/\/www.ogrod.uw.edu.pl\/?s={search_term_string}"},"query-input":{"@type":"PropertyValueSpecification","valueRequired":true,"valueName":"search_term_string"}}],"inLanguage":"en-US"},{"@type":"Person","@id":"https:\/\/www.ogrod.uw.edu.pl\/#\/schema\/person\/777f4c176b9d4dfbe3edacc418ae36a5","name":"Julia Poplawska","url":"https:\/\/www.ogrod.uw.edu.pl\/en\/author\/julia-poplawska\/"}]}},"_links":{"self":[{"href":"https:\/\/www.ogrod.uw.edu.pl\/en\/wp-json\/wp\/v2\/posts\/13184","targetHints":{"allow":["GET"]}}],"collection":[{"href":"https:\/\/www.ogrod.uw.edu.pl\/en\/wp-json\/wp\/v2\/posts"}],"about":[{"href":"https:\/\/www.ogrod.uw.edu.pl\/en\/wp-json\/wp\/v2\/types\/post"}],"author":[{"embeddable":true,"href":"https:\/\/www.ogrod.uw.edu.pl\/en\/wp-json\/wp\/v2\/users\/4"}],"replies":[{"embeddable":true,"href":"https:\/\/www.ogrod.uw.edu.pl\/en\/wp-json\/wp\/v2\/comments?post=13184"}],"version-history":[{"count":4,"href":"https:\/\/www.ogrod.uw.edu.pl\/en\/wp-json\/wp\/v2\/posts\/13184\/revisions"}],"predecessor-version":[{"id":13188,"href":"https:\/\/www.ogrod.uw.edu.pl\/en\/wp-json\/wp\/v2\/posts\/13184\/revisions\/13188"}],"wp:featuredmedia":[{"embeddable":true,"href":"https:\/\/www.ogrod.uw.edu.pl\/en\/wp-json\/wp\/v2\/media\/13180"}],"wp:attachment":[{"href":"https:\/\/www.ogrod.uw.edu.pl\/en\/wp-json\/wp\/v2\/media?parent=13184"}],"wp:term":[{"taxonomy":"category","embeddable":true,"href":"https:\/\/www.ogrod.uw.edu.pl\/en\/wp-json\/wp\/v2\/categories?post=13184"},{"taxonomy":"post_tag","embeddable":true,"href":"https:\/\/www.ogrod.uw.edu.pl\/en\/wp-json\/wp\/v2\/tags?post=13184"}],"curies":[{"name":"wp","href":"https:\/\/api.w.org\/{rel}","templated":true}]}}